[{"@context":"https:\/\/schema.org\/","@type":"Article","@id":"https:\/\/www.saho.cz\/rytiny-pro-jedinecnost\/#Article","mainEntityOfPage":"https:\/\/www.saho.cz\/rytiny-pro-jedinecnost\/","headline":"Rytiny pro jedine\u010dnost","name":"Rytiny pro jedine\u010dnost","description":"Chcete-li b\u00fdt jedine\u010dn\u00ed, mus\u00edte vytv\u00e1\u0159et tak\u00e9 jedine\u010dn\u00e9 v\u011bci a p\u0159edm\u011bty. Nen\u00ed nic nezn\u00e1m\u00e9ho, kdy\u017e snubn\u00ed prsteny ve vnit\u0159n\u00ed stran\u011b maj\u00ed rytiny jmen druh\u00e9ho partnera \u010di data jak svazku tak narozen\u00ed. Jm\u00e9na a data m\u011bli u\u017e i na\u0161i rodi\u010de a n\u011bkter\u00e9 p\u00e1ry se toho dr\u017e\u00ed i dodnes. Jen\u017ee dnes u\u017e v nich nemus\u00ed nutn\u011b b\u00fdt vyryto &hellip;","datePublished":"2024-11-22","dateModified":"2024-11-22","author":{"@type":"Person","@id":"https:\/\/www.saho.cz\/author\/#Person","name":"saho.cz\n","url":"https:\/\/www.saho.cz\/author\/","identifier":1,"image":{"@type":"ImageObject","@id":"https:\/\/secure.gravatar.com\/avatar\/c61c2d82e330ff9c70cf023b4c62d411e8407bcb38f85df591fa270717754b44?s=96&d=mm&r=g","url":"https:\/\/secure.gravatar.com\/avatar\/c61c2d82e330ff9c70cf023b4c62d411e8407bcb38f85df591fa270717754b44?s=96&d=mm&r=g","height":96,"width":96}},"publisher":{"@type":"Organization","name":"saho.cz","logo":{"@type":"ImageObject","@id":"\/logo.png","url":"\/logo.png","width":600,"height":60}},"url":"https:\/\/www.saho.cz\/rytiny-pro-jedinecnost\/","wordCount":191,"articleBody":"Chcete-li b\u00fdt jedine\u010dn\u00ed, mus\u00edte vytv\u00e1\u0159et tak\u00e9 jedine\u010dn\u00e9 v\u011bci a p\u0159edm\u011bty. Nen\u00ed nic nezn\u00e1m\u00e9ho, kdy\u017e snubn\u00ed prsteny ve vnit\u0159n\u00ed stran\u011b maj\u00ed rytiny jmen druh\u00e9ho partnera \u010di data jak svazku tak narozen\u00ed. Jm\u00e9na a data m\u011bli u\u017e i na\u0161i rodi\u010de a n\u011bkter\u00e9 p\u00e1ry se toho dr\u017e\u00ed i dodnes. Jen\u017ee dnes u\u017e v nich nemus\u00ed nutn\u011b b\u00fdt vyryto jen jm\u00e9no nebo datum. P\u00e1ry st\u00e1le tyto v\u011bci inovuj\u00ed. A s jak\u00fdmi rytinami se dnes m\u016f\u017eeme setkat?P\u00e1r symbolick\u00fdch slovMnoho p\u00e1r\u016f m\u00e1 sv\u00e1 osobn\u00ed slova, slovn\u00ed spojen\u00ed nebo v\u011btu, kter\u00e1 mo\u017en\u00e1 zbytku sv\u011bta m\u016f\u017ee p\u0159ipadat oby\u010dejn\u00e1 a f\u00e1dn\u00ed, ale pro ty dva to znamen\u00e1 n\u011bco v\u00edc. A pr\u00e1v\u011b tyto slova, slovn\u00ed spojen\u00ed \u010di v\u011bty se ve snubn\u00edch prstenech objevuj\u00ed v\u00edc a v\u00edc. V\u017edy\u0165 co je hez\u010d\u00ed, ne\u017e si po pades\u00e1ti letech prohl\u00e9dnout osobn\u00ed sl\u016fvka, kter\u00e1 V\u00e1s prov\u00e1zej\u00ed cel\u00fdm vztahem a man\u017eelstv\u00edm?                                                                                                                                                                                                                                                                                                                                                                                        4.5\/5 - (4 votes)        "},{"@context":"https:\/\/schema.org\/","@type":"BreadcrumbList","itemListElement":[{"@type":"ListItem","position":1,"name":"Rytiny pro jedine\u010dnost","item":"https:\/\/www.saho.cz\/rytiny-pro-jedinecnost\/#breadcrumbitem"}]}]