[{"@context":"https:\/\/schema.org\/","@type":"Article","@id":"https:\/\/www.saho.cz\/recyklace-jako-jeden-z-mechanismu-fungovani-domacnosti\/#Article","mainEntityOfPage":"https:\/\/www.saho.cz\/recyklace-jako-jeden-z-mechanismu-fungovani-domacnosti\/","headline":"Recyklace jako jeden z mechanism\u016f fungov\u00e1n\u00ed dom\u00e1cnosti","name":"Recyklace jako jeden z mechanism\u016f fungov\u00e1n\u00ed dom\u00e1cnosti","description":"Jak p\u0159em\u00fd\u0161let \u00a0 Z\u00e1kladn\u00edm p\u0159\u00edstupem \u2013 kter\u00fd dost mo\u017en\u00e1 d\u0159\u00edve \u010di pozd\u011bji nabyde t\u00e9\u017e sv\u00e9 legislativn\u00ed p\u0159edlohy pro fyzick\u00e9 osoby \u2013 je neb\u00fdt bezohledn\u00fdm a l\u00edn\u00fdm jedincem, ale aktivn\u011b se pod\u00edlet na snaze o co nejv\u011bt\u0161\u00ed udr\u017eitelnost ve\u0161ker\u00e9 v\u00fdroby a produkce, kterou za sebou \u010dlov\u011bk nech\u00e1v\u00e1. To, co m\u016f\u017eete ud\u011blat doslova hned, je zapomenout na &hellip;","datePublished":"2025-03-05","dateModified":"2023-05-01","author":{"@type":"Person","@id":"https:\/\/www.saho.cz\/author\/#Person","name":"saho.cz\n","url":"https:\/\/www.saho.cz\/author\/","identifier":1,"image":{"@type":"ImageObject","@id":"https:\/\/secure.gravatar.com\/avatar\/c61c2d82e330ff9c70cf023b4c62d411e8407bcb38f85df591fa270717754b44?s=96&d=mm&r=g","url":"https:\/\/secure.gravatar.com\/avatar\/c61c2d82e330ff9c70cf023b4c62d411e8407bcb38f85df591fa270717754b44?s=96&d=mm&r=g","height":96,"width":96}},"publisher":{"@type":"Organization","name":"saho.cz","logo":{"@type":"ImageObject","@id":"\/logo.png","url":"\/logo.png","width":600,"height":60}},"image":{"@type":"ImageObject","@id":"https:\/\/www.saho.cz\/wp-content\/uploads\/img_a295124_w2134_t1506706032.png","url":"https:\/\/www.saho.cz\/wp-content\/uploads\/img_a295124_w2134_t1506706032.png","height":0,"width":0},"url":"https:\/\/www.saho.cz\/recyklace-jako-jeden-z-mechanismu-fungovani-domacnosti\/","about":["Domov"],"wordCount":425,"articleBody":"Jak p\u0159em\u00fd\u0161let\u00a0Z\u00e1kladn\u00edm p\u0159\u00edstupem \u2013 kter\u00fd dost mo\u017en\u00e1 d\u0159\u00edve \u010di pozd\u011bji nabyde t\u00e9\u017e sv\u00e9 legislativn\u00ed p\u0159edlohy pro fyzick\u00e9 osoby \u2013 je neb\u00fdt bezohledn\u00fdm a l\u00edn\u00fdm jedincem, ale aktivn\u011b se pod\u00edlet na snaze o co nejv\u011bt\u0161\u00ed udr\u017eitelnost ve\u0161ker\u00e9 v\u00fdroby a produkce, kterou za sebou \u010dlov\u011bk nech\u00e1v\u00e1.To, co m\u016f\u017eete ud\u011blat doslova hned, je zapomenout na to, \u017ee co hod\u00edte do odpadkov\u00e9ho ko\u0161e, ji\u017e nad\u00e1le nen\u00ed va\u0161\u00ed starost\u00ed a m\u011bli by si s\u00a0t\u00edm poradit popel\u00e1\u0159i, st\u00e1t nebo kdokoli jin\u00fd. Proto\u017ee odpov\u011bdnost za sv\u016fj odpad a jeho vliv na p\u0159\u00edrodu a Zemi jako takovou nesete pr\u00e1v\u011b Vy! Vy jste si v\u00a0obchodn\u00edm dom\u011b zakoupili zbo\u017e\u00ed, jeho\u017e zbytk\u016f nebo celk\u016f se pozd\u011bji zbavujete. Zapome\u0148te tedy na v\u00fdmluvy a za\u010dn\u011bte co nejd\u0159\u00edve nejen jinak myslet, ale tak\u00e9 jednat.\u00a0\u010c\u00edm za\u010d\u00edt\u00a0Dal\u0161\u00ed v\u011bc, kterou m\u016f\u017eete u\u010dinit takt\u00e9\u017e okam\u017eit\u011b, je p\u0159estat p\u011bstovat zaveden\u00fd zvyk utv\u00e1\u0159en\u00ed komun\u00e1ln\u00edho odpadu a za\u010d\u00edt t\u0159\u00eddit neboli recyklovat. Jednodu\u0161e odd\u011blte skute\u010dn\u011b komun\u00e1ln\u00ed odpad od materi\u00e1l\u016f, kter\u00e9 lze opakovan\u011b zpracov\u00e1vat, jako jsou sklo, pap\u00edr, um\u011bl\u00e1 hmota, hlin\u00edk \u010di bioodpad. N\u00e1doby na takto rozt\u0159\u00edd\u011bn\u00e9 zbytky z\u00a0Va\u0161\u00ed dom\u00e1cnosti jsou dnes ji\u017e p\u0159\u00edstupn\u00e9 t\u00e9m\u011b\u0159 ka\u017ed\u00e9mu, a to nej\u010dast\u011bji na bezplatn\u00e9 b\u00e1zi pr\u00e1v\u011b z\u00a0d\u016fvodu podpory st\u00e1tu k\u00a0ohledupln\u011bj\u0161\u00edmu chov\u00e1n\u00ed ob\u010dan\u016f v\u016f\u010di \u017eivotn\u00edmu prost\u0159ed\u00ed.\u00a0Co je mo\u017en\u00e9 ud\u011blat nav\u00edc\u00a0Pokud u\u017e m\u00e1te ve zvyku v\u00fd\u0161e uv\u00e1d\u011bn\u00e9 recyklovateln\u00e9 polo\u017eky od b\u011b\u017en\u00e9ho odpadu odd\u011blovat, je mo\u017en\u00e9 se zam\u011b\u0159it tak\u00e9 na dal\u0161\u00ed zp\u016fsoby recyklace. V\u011bnujte tedy pozornost tu\u017ekov\u00fdm bateri\u00edm, \u017e\u00e1rovk\u00e1ma sv\u00edtidl\u016fm \u010di drobn\u00e9 elektronice, kter\u00e9\u017eto polo\u017eky jsou dnes v\u00a0r\u00e1mci speci\u00e1ln\u00edch sb\u011brn\u00fdch kontejner\u016f \u010di dvor\u016f, p\u0159\u00edpadn\u011b jako sou\u010d\u00e1st slu\u017eby z\u00e1kazn\u00edk\u016fm v\u00a0prodejn\u00e1 elektra a dal\u0161\u00edch poskytov\u00e1ny sb\u00edr\u00e1ny z\u00a0d\u016fvodu snah jejich odli\u0161en\u00ed od odpadu, kter\u00fd kon\u010d\u00ed na skl\u00e1dk\u00e1ch. Stejn\u011b tak je mo\u017en\u00e9 ji\u017e pou\u017eit\u00e9 textilie nevhazovat do \u010dern\u00fdch kontejner\u016f, ale v\u011bnovat je \u010cerven\u00e9mu k\u0159\u00ed\u017ei \u010di jin\u00fdm charitativn\u00edm organizac\u00edm.                                                                                                                                                                                                                                                                                                                                                                                        4.1\/5 - (9 votes)        "},{"@context":"https:\/\/schema.org\/","@type":"BreadcrumbList","itemListElement":[{"@type":"ListItem","position":1,"name":"Recyklace jako jeden z mechanism\u016f fungov\u00e1n\u00ed dom\u00e1cnosti","item":"https:\/\/www.saho.cz\/recyklace-jako-jeden-z-mechanismu-fungovani-domacnosti\/#breadcrumbitem"}]}]