[{"@context":"https:\/\/schema.org\/","@type":"Article","@id":"https:\/\/www.saho.cz\/obyvaci-pokoj-s-novou-stenou\/#Article","mainEntityOfPage":"https:\/\/www.saho.cz\/obyvaci-pokoj-s-novou-stenou\/","headline":"Ob\u00fdvac\u00ed pokoj s\u00a0novou st\u011bnou","name":"Ob\u00fdvac\u00ed pokoj s\u00a0novou st\u011bnou","description":"\u0158\u00edk\u00e1te si, \u017ee kdy\u017e nav\u0161t\u00edv\u00edte n\u011bjak\u00e9 zn\u00e1m\u00e9, tak v\u0161ichni maj\u00ed hez\u010d\u00ed ob\u00fdvac\u00ed pokoj ne\u017e vy? Mo\u017en\u00e1 je to t\u00edm, \u017ee objevili na\u0161\u00ed firmu na ob\u00fdvac\u00ed st\u011bny a sestavy, kter\u00e9 vytvo\u0159ili z jejich m\u00edstnosti modern\u00ed a efektivn\u00ed prostor. Sestaven\u00ed ob\u00fdvac\u00ed st\u011bny a sestavy je\u0161t\u011b nikdy nebylo tak jednoduch\u00e9. Nemus\u00edte slo\u017eit\u011b kupovat ka\u017edou poli\u010dku, sk\u0159\u00ed\u0148ku a dopl\u0148ky &hellip;","datePublished":"2024-12-30","dateModified":"2024-12-30","author":{"@type":"Person","@id":"https:\/\/www.saho.cz\/author\/#Person","name":"saho.cz\n","url":"https:\/\/www.saho.cz\/author\/","identifier":1,"image":{"@type":"ImageObject","@id":"https:\/\/secure.gravatar.com\/avatar\/c61c2d82e330ff9c70cf023b4c62d411e8407bcb38f85df591fa270717754b44?s=96&d=mm&r=g","url":"https:\/\/secure.gravatar.com\/avatar\/c61c2d82e330ff9c70cf023b4c62d411e8407bcb38f85df591fa270717754b44?s=96&d=mm&r=g","height":96,"width":96}},"publisher":{"@type":"Organization","name":"saho.cz","logo":{"@type":"ImageObject","@id":"\/logo.png","url":"\/logo.png","width":600,"height":60}},"url":"https:\/\/www.saho.cz\/obyvaci-pokoj-s-novou-stenou\/","wordCount":172,"articleBody":"\u0158\u00edk\u00e1te si, \u017ee kdy\u017e nav\u0161t\u00edv\u00edte n\u011bjak\u00e9 zn\u00e1m\u00e9, tak v\u0161ichni maj\u00ed hez\u010d\u00ed ob\u00fdvac\u00ed pokoj ne\u017e vy? Mo\u017en\u00e1 je to t\u00edm, \u017ee objevili na\u0161\u00ed firmu na ob\u00fdvac\u00ed st\u011bny a sestavy, kter\u00e9 vytvo\u0159ili z jejich m\u00edstnosti modern\u00ed a efektivn\u00ed prostor. Sestaven\u00ed ob\u00fdvac\u00ed st\u011bny a sestavy je\u0161t\u011b nikdy nebylo tak jednoduch\u00e9. Nemus\u00edte slo\u017eit\u011b kupovat ka\u017edou poli\u010dku, sk\u0159\u00ed\u0148ku a dopl\u0148ky zvl\u00e1\u0161\u0165, stejn\u011b tak je nemus\u00edte sh\u00e1n\u011bt poka\u017ed\u00e9 v jin\u00e9m obchod\u011b, jen aby se k sob\u011b hodili. My jsme toto ud\u011blali za v\u00e1s. Vytvo\u0159ili jsme l\u00edbiv\u00e9 a modern\u00ed sestavy, kter\u00e9 si zamilujete nejen d\u00edky dostatku \u00falo\u017en\u00e9ho prostoru, ale tak\u00e9 d\u00edky jejich vybaven\u00ed. Nez\u00e1vi\u010fte ostatn\u00edm Nez\u00e1vi\u010fte ostatn\u00edm a po\u0159i\u010fte si to stejn\u00e9. Nyn\u00ed m\u016f\u017eete m\u00edt ob\u00fdvac\u00ed st\u011bny a sestavy za velmi v\u00fdhodn\u00e9 ceny i s dopravou a instalac\u00ed.                                                                                                                                                                                                                                                                                                                                                                                        4.2\/5 - (4 votes)        "},{"@context":"https:\/\/schema.org\/","@type":"BreadcrumbList","itemListElement":[{"@type":"ListItem","position":1,"name":"Ob\u00fdvac\u00ed pokoj s\u00a0novou st\u011bnou","item":"https:\/\/www.saho.cz\/obyvaci-pokoj-s-novou-stenou\/#breadcrumbitem"}]}]