[{"@context":"https:\/\/schema.org\/","@type":"Article","@id":"https:\/\/www.saho.cz\/kdyz-satnik-vola-po-zmene\/#Article","mainEntityOfPage":"https:\/\/www.saho.cz\/kdyz-satnik-vola-po-zmene\/","headline":"Kdy\u017e \u0161atn\u00edk vol\u00e1 po zm\u011bn\u011b","name":"Kdy\u017e \u0161atn\u00edk vol\u00e1 po zm\u011bn\u011b","description":"A u\u017e je to tady zase. Rann\u00ed teploty klesly a objevuj\u00ed se mlhy. N\u011bkdo upad\u00e1 do podzimn\u00ed deprese. Pro m\u011b je ale podzim jedno z nejkr\u00e1sn\u011bj\u0161\u00edch ro\u010dn\u00edch obdob\u00ed. Slune\u010dn\u00ed paprsky m\u011b lechtaj\u00ed na tv\u00e1\u0159i a stromy hraj\u00ed v\u0161emi barvami. Miluju barvy a podzim nab\u00edz\u00ed \u00faplnou barevnou p\u0159ehl\u00eddku. Ale barvy nemus\u00ed b\u00fdt jen na stromech. Jako &hellip;","datePublished":"2022-02-09","dateModified":"2023-05-01","author":{"@type":"Person","@id":"https:\/\/www.saho.cz\/author\/#Person","name":"saho.cz\n","url":"https:\/\/www.saho.cz\/author\/","identifier":1,"image":{"@type":"ImageObject","@id":"https:\/\/secure.gravatar.com\/avatar\/c61c2d82e330ff9c70cf023b4c62d411e8407bcb38f85df591fa270717754b44?s=96&d=mm&r=g","url":"https:\/\/secure.gravatar.com\/avatar\/c61c2d82e330ff9c70cf023b4c62d411e8407bcb38f85df591fa270717754b44?s=96&d=mm&r=g","height":96,"width":96}},"publisher":{"@type":"Organization","name":"saho.cz","logo":{"@type":"ImageObject","@id":"\/logo.png","url":"\/logo.png","width":600,"height":60}},"image":{"@type":"ImageObject","@id":"https:\/\/www.saho.cz\/wp-content\/uploads\/pocket-g9e87a633b_640.jpg","url":"https:\/\/www.saho.cz\/wp-content\/uploads\/pocket-g9e87a633b_640.jpg","height":0,"width":0},"url":"https:\/\/www.saho.cz\/kdyz-satnik-vola-po-zmene\/","about":["V\u00fdrobky"],"wordCount":460,"articleBody":"   A u\u017e je to tady zase. Rann\u00ed teploty klesly a objevuj\u00ed se mlhy. N\u011bkdo upad\u00e1 do podzimn\u00ed deprese. Pro m\u011b je ale podzim jedno z nejkr\u00e1sn\u011bj\u0161\u00edch ro\u010dn\u00edch obdob\u00ed. Slune\u010dn\u00ed paprsky m\u011b lechtaj\u00ed na tv\u00e1\u0159i a stromy hraj\u00ed v\u0161emi barvami. Miluju barvy a podzim nab\u00edz\u00ed \u00faplnou barevnou p\u0159ehl\u00eddku. Ale barvy nemus\u00ed b\u00fdt jen na stromech. Jako spr\u00e1vn\u00e1 \u017eena si ka\u017edou zm\u011bnu ro\u010dn\u00edho obdob\u00ed dok\u00e1\u017eu \u0159\u00e1dn\u011b zp\u0159\u00edjemnit. Vyr\u00e1\u017e\u00edm na n\u00e1kupy. N\u00e1kupn\u00ed centrum prask\u00e1 ve \u0161vech. Asi nejsem jedin\u00e1, kdo vn\u00edm\u00e1 podzim jako d\u016fvod k obnoven\u00ed \u0161atn\u00edku. Hned v prvn\u00edm obch\u016fdku jsem v\u0161ak m\u011bla \u0161t\u011bst\u00ed. Kr\u00e1sn\u00fd, ho\u0159\u010dicov\u00fd kab\u00e1tek mi padne jako ulit\u00fd. Pan\u00ed prodava\u010dka je skv\u011bl\u00e1 obchodnice a tak odch\u00e1z\u00edm je\u0161t\u011b s hn\u011bd\u00fdm \u0161\u00e1tkem, proto\u017ee ten mi pr\u00fd nesm\u00ed chyb\u011bt. Mus\u00edm tedy uznat, \u017ee ke kab\u00e1tku opravdu sed\u00ed a m\u016fj outfit je dokonal\u00fd. Tedy skoro dokonal\u00fd. Kdy\u017e se doma prohl\u00ed\u017e\u00edm v zrcadle, zji\u0161\u0165uji, \u017ee postr\u00e1d\u00e1m n\u011bjakou hod\u00edc\u00ed se kabelku. Moje letit\u00e1 \u0161ediv\u00e1 kabelka se k tomu opravdu nehod\u00ed. No nenech\u00e1m sama sebe dlouho p\u0159emlouvat a hned druh\u00fd den stoj\u00edm znovu p\u0159ed obchodn\u00edm centrem. Tentokr\u00e1t je m\u016fj pl\u00e1n zcela jasn\u00fd. Pot\u0159ebuji hn\u011bdou kabelku. Bohu\u017eel ani po hodin\u011b nejsem \u00fasp\u011b\u0161n\u00e1. Hn\u011bd\u00e9 kabelky snad \u00fapln\u011b vymizely. V\u0161ude jen \u010dern\u00e9, \u010derven\u00e9 dokonce i fialovou nebo zelenou jsem na\u0161la. Po hn\u011bd\u00e9 v\u0161ak ani stopa. \u201eP\u0159eci to nevzd\u00e1m\u201c \u0159\u00edk\u00e1m si a posiln\u011bna dvojitou k\u00e1vou pokra\u010duji v b\u00e1d\u00e1n\u00ed po obchodn\u00edm centru. Po dal\u0161\u00edch dvou hodin\u00e1ch odch\u00e1z\u00edm dom\u016f a jedin\u00e9 co m\u00e1m, jsou bolav\u00e9 nohy. Znovu u\u017e n\u00e1v\u0161t\u011bvu obchod\u016f absolvovat nehodl\u00e1m a tak se vrh\u00e1m do sp\u00e1ru internetu. Tam pod pojmem hn\u011bd\u00e1 kabelka nach\u00e1z\u00edm nep\u0159ebern\u00e9 mno\u017estv\u00ed polo\u017eek. Kabelky mal\u00e9, velk\u00e9, ov\u00e1ln\u00e9 hranat\u00e9, crossbody, p\u0159es rameno nebo jen tak do ruky. Nakonec mi online n\u00e1kupy zabraly v\u00edce \u010dasu ne\u017e v\u010derej\u0161\u00ed n\u00e1v\u0161t\u011bva obchodn\u00edho centra. M\u00fdm v\u00edt\u011bzem je hn\u011bd\u00e1 ko\u017een\u00e1 kabelka. Doru\u010den\u00ed bylo velmi rychl\u00e9. Kabelka nen\u00ed nijak v\u00fdst\u0159edn\u00ed. Hod\u00ed se pro ka\u017edou p\u0159\u00edle\u017eitost. Do pr\u00e1ce, na n\u00e1kupy nebo jen tak na proch\u00e1zku parkem. Jsem nad\u0161en\u00e1. Kabelka je tak \u0161ik. Hrd\u011b se nat\u0159\u00e1s\u00e1m p\u0159ed zrcadlem. C\u00edt\u00edm se dokonale. A u\u017e te\u010f se t\u011b\u0161\u00edm na dal\u0161\u00ed n\u00e1kupy.                                                                                                                                                                                                                                                                                                                                                                                          4\/5 - (2 votes)        "},{"@context":"https:\/\/schema.org\/","@type":"BreadcrumbList","itemListElement":[{"@type":"ListItem","position":1,"name":"Kdy\u017e \u0161atn\u00edk vol\u00e1 po zm\u011bn\u011b","item":"https:\/\/www.saho.cz\/kdyz-satnik-vola-po-zmene\/#breadcrumbitem"}]}]